{"id":4931,"date":"2020-11-19T12:30:48","date_gmt":"2020-11-19T11:30:48","guid":{"rendered":"https:\/\/www.cursosypostgrados.com\/blog\/?p=4931"},"modified":"2024-02-09T07:29:37","modified_gmt":"2024-02-09T06:29:37","slug":"5-697-millones-de-euros-para-la-educacion-equidad-fp-y-digitalizacion","status":"publish","type":"post","link":"https:\/\/www.cursosypostgrados.com\/blog\/5-697-millones-de-euros-para-la-educacion-equidad-fp-y-digitalizacion\/","title":{"rendered":"7.048 millones de euros para la educaci\u00f3n: equidad, FP y digitalizaci\u00f3n"},"content":{"rendered":"\n<p>Desde hace unas semanas, se viene hablando mucho del <strong>Proyecto de Ley de los Presupuestos Generales del Estado para 2024<\/strong>. La educaci\u00f3n es algo que, desde entonces, est\u00e1 en el punto de mira. Recientemente hemos sabido que este proyecto recoge una inversi\u00f3n de <strong>7.048 millones de euros <\/strong>destinados al <strong>Ministerio de Educaci\u00f3n y Formaci\u00f3n Profesional (MEFP). <\/strong><\/p>\n\n\n\n<p>Seg\u00fan los datos, esta cifra supone un aumento de un 6,15% respecto al pasado presupuesto de 2023. <\/p>\n\n\n\n<p>Seg\u00fan recoge el Proyecto de Ley, la inversi\u00f3n para este ministerio estar\u00e1 destinada primordialmente a cuatro pilares b\u00e1sicos: la promoci\u00f3n de la <strong>equidad <\/strong>(con becas, ayudas, prevenci\u00f3n de abandono escolar, etc.), el impulso de la fp con los <strong><a rel=\"noreferrer noopener\" href=\"https:\/\/www.cursosypostgrados.com\/fp\/\" target=\"_blank\">cursos de formaci\u00f3n profesional<\/a><\/strong> y un aumento y mejora de la <strong>digitalizaci\u00f3n <\/strong>en el sistema educativo de nuestro pa\u00eds. <\/p>\n\n\n\n<h2 class=\"wp-block-heading\" id=\"h-la-modernizaci-n-y-transformaci-n-de-la-educaci-n\">La modernizaci\u00f3n y transformaci\u00f3n de la educaci\u00f3n<\/h2>\n\n\n\n<p>Seg\u00fan comentaba la ministra de Educaci\u00f3n y Formaci\u00f3n Profesional, Isabel Cela\u00e1, <strong>el Ministerio de Educaci\u00f3n y FP se encuentra en pleno proceso de modernizaci\u00f3n y transformaci\u00f3n de la educaci\u00f3n espa\u00f1ola.<\/strong> As\u00ed justificaba este importante incremento presupuestario, uno que calificaba como \u00absin precedentes\u00bb y con el fin de convertir \u00abcompromisos en realidades\u00bb. Durante la presentaci\u00f3n del proyecto de los Presupuestos Generales del Estado para su departamento, Cela\u00e1 alud\u00eda a ese aumento hist\u00f3rico. \u00abNunca hab\u00eda existido un incremento de esta magnitud\u00bb, se\u00f1alaba. Durante el acto, la ministra tambi\u00e9n hizo especial hincapi\u00e9 en el compromiso que tiene el Gobierno para con la educaci\u00f3n: \u00abla prioridad que este Gobierno da a la educaci\u00f3n est\u00e1 en las ant\u00edpodas de los recortes y el abandono que sufri\u00f3 el sistema educativo tras la crisis financiera de hace una d\u00e9cada\u00bb.<\/p>\n\n\n\n<h2 class=\"wp-block-heading\" id=\"h-la-equidad-educativa-el-principal-foco-del-mefp\">La equidad educativa, el principal foco del MEFP<\/h2>\n\n\n\n<p>El Ministerio tiene como foco pol\u00edtico principal la promoci\u00f3n de la equidad. Se pretende fomentar con un <strong>aumento de becas y ayudas al estudio<\/strong>, as\u00ed como con la creaci\u00f3n de <strong>m\u00e1s de 21.000 plazas de Primer Ciclo de Educaci\u00f3n Infantil de car\u00e1cter p\u00fablico.<\/strong> Con estas medidas, entre otras, el Gobierno contin\u00faa con su reforma del sistema, tratando de garantizar una igualdad de acceso a la educaci\u00f3n. <\/p>\n\n\n\n<p><strong>La prevenci\u00f3n del abandono escolar <\/strong>es algo en lo que el Ministerio tambi\u00e9n ha decidido redoblar sus esfuerzos. Se destinar\u00e1 parte de la inversi\u00f3n a 1.800 centros de especial complejidad educativa (a trav\u00e9s del Programa PROA+) para el cual se ha establecido una partida presupuestaria de 20 millones de euros. La inversi\u00f3n tambi\u00e9n ir\u00e1 dirigida a la creaci\u00f3n de <strong>618 Unidades de Acompa\u00f1amiento y Orientaci\u00f3n Personal y Familiar. <\/strong>El Gobierno busca con estas medidas frenar el abandono escolar, adem\u00e1s de mejorar los resultados educativos del pa\u00eds. <\/p>\n\n\n\n<h2 class=\"wp-block-heading\" id=\"h-el-impulso-de-la-formaci-n-profesional\">El impulso de la formaci\u00f3n profesional<\/h2>\n\n\n\n<p>El proyecto de los PGE tambi\u00e9n recoge el objetivo del Ministerio de <strong>impulsar la<a rel=\"noreferrer noopener\" href=\"https:\/\/www.cursosypostgrados.com\/fp\/\" target=\"_blank\"> formaci\u00f3n profesional<\/a><\/strong>, al considerarla un pilar fundamental para el estado del bienestar y la econom\u00eda espa\u00f1ola. <\/p>\n\n\n\n<p>La parte destinada el a\u00f1o que viene a la FP alcanza los 1.252 millones, de los que 846 corresponder\u00e1n a la FP para el empleo. A la formaci\u00f3n profesional del sistema educativo se le reservan 406 millones. Esto, respecto al a\u00f1o pasado, supone un aumento del 7,2%. <\/p>\n\n\n\n<p>Por otro lado, 20 millones de euros permitir\u00e1n acreditar las competencias b\u00e1sicas profesionales de m\u00e1s de 100.000 personas.<\/p>\n\n\n\n<div class=\"wp-block-image\"><figure class=\"alignleft size-large is-resized\"><img loading=\"lazy\" decoding=\"async\" src=\"https:\/\/www.cursosypostgrados.com\/blog\/wp-content\/uploads\/2020\/11\/dose-media-3R3sNikjVnA-unsplash-1024x682.jpg\" alt=\"PGE Educaci\u00f3n y Formaci\u00f3n Profesional\" class=\"wp-image-4940\" width=\"416\" height=\"277\" srcset=\"https:\/\/www.cursosypostgrados.com\/blog\/wp-content\/uploads\/2020\/11\/dose-media-3R3sNikjVnA-unsplash-1024x682.jpg 1024w, https:\/\/www.cursosypostgrados.com\/blog\/wp-content\/uploads\/2020\/11\/dose-media-3R3sNikjVnA-unsplash-300x200.jpg 300w, https:\/\/www.cursosypostgrados.com\/blog\/wp-content\/uploads\/2020\/11\/dose-media-3R3sNikjVnA-unsplash-768x512.jpg 768w, https:\/\/www.cursosypostgrados.com\/blog\/wp-content\/uploads\/2020\/11\/dose-media-3R3sNikjVnA-unsplash-1536x1024.jpg 1536w, https:\/\/www.cursosypostgrados.com\/blog\/wp-content\/uploads\/2020\/11\/dose-media-3R3sNikjVnA-unsplash.jpg 2000w\" sizes=\"(max-width: 416px) 100vw, 416px\" \/><\/figure><\/div>\n\n\n\n<h2 class=\"wp-block-heading\" id=\"h-mayor-digitalizaci-n-en-la-educaci-n\">Mayor digitalizaci\u00f3n en la educaci\u00f3n<\/h2>\n\n\n\n<p>El MEFP tiene clara su tercera prioridad: <strong>la digitalizaci\u00f3n de la educaci\u00f3n. <\/strong>En colaboraci\u00f3n con las comunidades aut\u00f3nomas, la financiaci\u00f3n permitir\u00e1 a las mismas la entrega de dispositivos m\u00f3viles adicionales. Esto, junto a otras acciones, tiene como fin tratar de <strong>reducir la brecha digital <\/strong>de acceso del alumnado, algo que con la pandemia ha salido a la luz m\u00e1s que en ninguna otra ocasi\u00f3n. <\/p>\n\n\n\n<p>Por otro lado, parte de la inversi\u00f3n se destinar\u00e1 a la instalaci\u00f3n de 236.318 <strong>aulas digitales interactivas y a la capacitaci\u00f3n y soporte para el uso de los SDI (Sistemas Digitales Interactivos) en las clases. <\/strong>Tambi\u00e9n se reservar\u00e1 parte de la financiaci\u00f3n para la <strong>formaci\u00f3n de docentes<\/strong> de formaci\u00f3n profesional en materia de digitalizaci\u00f3n aplicada a los sectores productivos. <\/p>\n","protected":false},"excerpt":{"rendered":"<p>Desde hace unas semanas, se viene hablando mucho del Proyecto de Ley de los Presupuestos Generales del Estado para 2024. La educaci\u00f3n es algo que, desde entonces, est\u00e1 en el punto de mira. Recientemente hemos sabido que este proyecto recoge una inversi\u00f3n de 7.048 millones de euros destinados al Ministerio de Educaci\u00f3n y Formaci\u00f3n Profesional [&hellip;]<\/p>\n","protected":false},"author":8,"featured_media":4938,"comment_status":"closed","ping_status":"closed","sticky":false,"template":"","format":"standard","meta":{"_acf_changed":false,"footnotes":""},"categories":[214],"tags":[107,347,353,472],"class_list":["post-4931","post","type-post","status-publish","format-standard","has-post-thumbnail","hentry","category-noticias","tag-educacion","tag-formacion-profesional","tag-innovacion-en-educacion","tag-ministerio-de-educacion"],"acf":{"subtitulo_entrada":"El Proyecto de Ley para los Presupuestos Generales del Estado promete 7.048 millones de euros para el Ministerio de Educaci\u00f3n y Formaci\u00f3n Profesional. Los principales focos de actuaci\u00f3n con esta financiaci\u00f3n ser\u00e1n la equidad, becas y ayudas al estudio, la promoci\u00f3n de la FP y una mejora en la digitalizaci\u00f3n de la educaci\u00f3n.","categoria_curso":"60","subcategoria_curso":"94","pais":"1","ciudad":""},"yoast_head":"<title>5.697 millones de euros para transformar la educaci\u00f3n e impulsar la fp<\/title>\n<meta name=\"description\" content=\"El Ministerio de Educaci\u00f3n y FP anuncia el plan de inversi\u00f3n para 2021 recogido en el Proyecto de Ley de los PGE.\" \/>\n<meta name=\"robots\" content=\"index, follow, max-snippet:-1, max-image-preview:large, max-video-preview:-1\" \/>\n<link rel=\"canonical\" href=\"https:\/\/www.cursosypostgrados.com\/blog\/5-697-millones-de-euros-para-la-educacion-equidad-fp-y-digitalizacion\/\" \/>\n<meta property=\"og:locale\" content=\"es_ES\" \/>\n<meta property=\"og:type\" content=\"article\" \/>\n<meta property=\"og:title\" content=\"5.697 millones de euros para transformar la educaci\u00f3n e impulsar la fp\" \/>\n<meta property=\"og:description\" content=\"El Ministerio de Educaci\u00f3n y FP anuncia el plan de inversi\u00f3n para 2021 recogido en el Proyecto de Ley de los PGE.\" \/>\n<meta property=\"og:url\" content=\"https:\/\/www.cursosypostgrados.com\/blog\/5-697-millones-de-euros-para-la-educacion-equidad-fp-y-digitalizacion\/\" \/>\n<meta property=\"og:site_name\" content=\"Blog de Cursosypostgrados.com\" \/>\n<meta property=\"article:published_time\" content=\"2020-11-19T11:30:48+00:00\" \/>\n<meta property=\"article:modified_time\" content=\"2024-02-09T06:29:37+00:00\" \/>\n<meta property=\"og:image\" content=\"https:\/\/www.cursosypostgrados.com\/blog\/wp-content\/uploads\/2020\/11\/element5-digital-OyCl7Y4y0Bk-unsplash.jpg\" \/>\n\t<meta property=\"og:image:width\" content=\"2000\" \/>\n\t<meta property=\"og:image:height\" content=\"1412\" \/>\n\t<meta property=\"og:image:type\" content=\"image\/jpeg\" \/>\n<meta name=\"author\" content=\"Mar\u00eda Corral\" \/>\n<meta name=\"twitter:card\" content=\"summary_large_image\" \/>\n<meta name=\"twitter:label1\" content=\"Escrito por\" \/>\n\t<meta name=\"twitter:data1\" content=\"Mar\u00eda Corral\" \/>\n\t<meta name=\"twitter:label2\" content=\"Tiempo de lectura\" \/>\n\t<meta name=\"twitter:data2\" content=\"4 minutos\" \/>\n<script type=\"application\/ld+json\" class=\"yoast-schema-graph\">{\"@context\":\"https:\/\/schema.org\",\"@graph\":[{\"@type\":\"Article\",\"@id\":\"https:\/\/www.cursosypostgrados.com\/blog\/5-697-millones-de-euros-para-la-educacion-equidad-fp-y-digitalizacion\/#article\",\"isPartOf\":{\"@id\":\"https:\/\/www.cursosypostgrados.com\/blog\/5-697-millones-de-euros-para-la-educacion-equidad-fp-y-digitalizacion\/\"},\"author\":{\"name\":\"Mar\u00eda Corral\",\"@id\":\"https:\/\/www.cursosypostgrados.com\/blog\/#\/schema\/person\/7f101d4fe77156b9b57fbaf8271aa306\"},\"headline\":\"7.048 millones de euros para la educaci\u00f3n: equidad, FP y digitalizaci\u00f3n\",\"datePublished\":\"2020-11-19T11:30:48+00:00\",\"dateModified\":\"2024-02-09T06:29:37+00:00\",\"mainEntityOfPage\":{\"@id\":\"https:\/\/www.cursosypostgrados.com\/blog\/5-697-millones-de-euros-para-la-educacion-equidad-fp-y-digitalizacion\/\"},\"wordCount\":739,\"publisher\":{\"@id\":\"https:\/\/www.cursosypostgrados.com\/blog\/#organization\"},\"image\":{\"@id\":\"https:\/\/www.cursosypostgrados.com\/blog\/5-697-millones-de-euros-para-la-educacion-equidad-fp-y-digitalizacion\/#primaryimage\"},\"thumbnailUrl\":\"https:\/\/www.cursosypostgrados.com\/blog\/wp-content\/uploads\/2020\/11\/element5-digital-OyCl7Y4y0Bk-unsplash.jpg\",\"keywords\":[\"educacion\",\"formacion profesional\",\"innovacion en educacion\",\"ministerio de educacion\"],\"articleSection\":[\"Noticias\"],\"inLanguage\":\"es\"},{\"@type\":\"WebPage\",\"@id\":\"https:\/\/www.cursosypostgrados.com\/blog\/5-697-millones-de-euros-para-la-educacion-equidad-fp-y-digitalizacion\/\",\"url\":\"https:\/\/www.cursosypostgrados.com\/blog\/5-697-millones-de-euros-para-la-educacion-equidad-fp-y-digitalizacion\/\",\"name\":\"5.697 millones de euros para transformar la educaci\u00f3n e impulsar la fp\",\"isPartOf\":{\"@id\":\"https:\/\/www.cursosypostgrados.com\/blog\/#website\"},\"primaryImageOfPage\":{\"@id\":\"https:\/\/www.cursosypostgrados.com\/blog\/5-697-millones-de-euros-para-la-educacion-equidad-fp-y-digitalizacion\/#primaryimage\"},\"image\":{\"@id\":\"https:\/\/www.cursosypostgrados.com\/blog\/5-697-millones-de-euros-para-la-educacion-equidad-fp-y-digitalizacion\/#primaryimage\"},\"thumbnailUrl\":\"https:\/\/www.cursosypostgrados.com\/blog\/wp-content\/uploads\/2020\/11\/element5-digital-OyCl7Y4y0Bk-unsplash.jpg\",\"datePublished\":\"2020-11-19T11:30:48+00:00\",\"dateModified\":\"2024-02-09T06:29:37+00:00\",\"description\":\"El Ministerio de Educaci\u00f3n y FP anuncia el plan de inversi\u00f3n para 2021 recogido en el Proyecto de Ley de los PGE.\",\"breadcrumb\":{\"@id\":\"https:\/\/www.cursosypostgrados.com\/blog\/5-697-millones-de-euros-para-la-educacion-equidad-fp-y-digitalizacion\/#breadcrumb\"},\"inLanguage\":\"es\",\"potentialAction\":[{\"@type\":\"ReadAction\",\"target\":[\"https:\/\/www.cursosypostgrados.com\/blog\/5-697-millones-de-euros-para-la-educacion-equidad-fp-y-digitalizacion\/\"]}]},{\"@type\":\"ImageObject\",\"inLanguage\":\"es\",\"@id\":\"https:\/\/www.cursosypostgrados.com\/blog\/5-697-millones-de-euros-para-la-educacion-equidad-fp-y-digitalizacion\/#primaryimage\",\"url\":\"https:\/\/www.cursosypostgrados.com\/blog\/wp-content\/uploads\/2020\/11\/element5-digital-OyCl7Y4y0Bk-unsplash.jpg\",\"contentUrl\":\"https:\/\/www.cursosypostgrados.com\/blog\/wp-content\/uploads\/2020\/11\/element5-digital-OyCl7Y4y0Bk-unsplash.jpg\",\"width\":2000,\"height\":1412,\"caption\":\"PGE Educaci\u00f3n\"},{\"@type\":\"BreadcrumbList\",\"@id\":\"https:\/\/www.cursosypostgrados.com\/blog\/5-697-millones-de-euros-para-la-educacion-equidad-fp-y-digitalizacion\/#breadcrumb\",\"itemListElement\":[{\"@type\":\"ListItem\",\"position\":1,\"name\":\"Portada\",\"item\":\"https:\/\/www.cursosypostgrados.com\/blog\/\"},{\"@type\":\"ListItem\",\"position\":2,\"name\":\"Noticias\",\"item\":\"https:\/\/www.cursosypostgrados.com\/blog\/category\/noticias\/\"},{\"@type\":\"ListItem\",\"position\":3,\"name\":\"7.048 millones de euros para la educaci\u00f3n: equidad, FP y digitalizaci\u00f3n\"}]},{\"@type\":\"WebSite\",\"@id\":\"https:\/\/www.cursosypostgrados.com\/blog\/#website\",\"url\":\"https:\/\/www.cursosypostgrados.com\/blog\/\",\"name\":\"Blog de Cursosypostgrados.com\",\"description\":\"Noticias actuales de formaci\u00f3n\",\"publisher\":{\"@id\":\"https:\/\/www.cursosypostgrados.com\/blog\/#organization\"},\"potentialAction\":[{\"@type\":\"SearchAction\",\"target\":{\"@type\":\"EntryPoint\",\"urlTemplate\":\"https:\/\/www.cursosypostgrados.com\/blog\/?s={search_term_string}\"},\"query-input\":\"required name=search_term_string\"}],\"inLanguage\":\"es\"},{\"@type\":\"Organization\",\"@id\":\"https:\/\/www.cursosypostgrados.com\/blog\/#organization\",\"name\":\"cursosypostgrados.com\",\"url\":\"https:\/\/www.cursosypostgrados.com\/blog\/\",\"logo\":{\"@type\":\"ImageObject\",\"inLanguage\":\"es\",\"@id\":\"https:\/\/www.cursosypostgrados.com\/blog\/#\/schema\/logo\/image\/\",\"url\":\"https:\/\/www.cursosypostgrados.com\/blog\/wp-content\/uploads\/2020\/12\/logo-cyp-texto-256.png\",\"contentUrl\":\"https:\/\/www.cursosypostgrados.com\/blog\/wp-content\/uploads\/2020\/12\/logo-cyp-texto-256.png\",\"width\":256,\"height\":256,\"caption\":\"cursosypostgrados.com\"},\"image\":{\"@id\":\"https:\/\/www.cursosypostgrados.com\/blog\/#\/schema\/logo\/image\/\"}},{\"@type\":\"Person\",\"@id\":\"https:\/\/www.cursosypostgrados.com\/blog\/#\/schema\/person\/7f101d4fe77156b9b57fbaf8271aa306\",\"name\":\"Mar\u00eda Corral\",\"url\":\"https:\/\/www.cursosypostgrados.com\/blog\/author\/mariacorral\/\"}]}<\/script>","yoast_head_json":{"title":"5.697 millones de euros para transformar la educaci\u00f3n e impulsar la fp","description":"El Ministerio de Educaci\u00f3n y FP anuncia el plan de inversi\u00f3n para 2021 recogido en el Proyecto de Ley de los PGE.","robots":{"index":"index","follow":"follow","max-snippet":"max-snippet:-1","max-image-preview":"max-image-preview:large","max-video-preview":"max-video-preview:-1"},"canonical":"https:\/\/www.cursosypostgrados.com\/blog\/5-697-millones-de-euros-para-la-educacion-equidad-fp-y-digitalizacion\/","og_locale":"es_ES","og_type":"article","og_title":"5.697 millones de euros para transformar la educaci\u00f3n e impulsar la fp","og_description":"El Ministerio de Educaci\u00f3n y FP anuncia el plan de inversi\u00f3n para 2021 recogido en el Proyecto de Ley de los PGE.","og_url":"https:\/\/www.cursosypostgrados.com\/blog\/5-697-millones-de-euros-para-la-educacion-equidad-fp-y-digitalizacion\/","og_site_name":"Blog de Cursosypostgrados.com","article_published_time":"2020-11-19T11:30:48+00:00","article_modified_time":"2024-02-09T06:29:37+00:00","og_image":[{"width":2000,"height":1412,"url":"https:\/\/www.cursosypostgrados.com\/blog\/wp-content\/uploads\/2020\/11\/element5-digital-OyCl7Y4y0Bk-unsplash.jpg","type":"image\/jpeg"}],"author":"Mar\u00eda Corral","twitter_card":"summary_large_image","twitter_misc":{"Escrito por":"Mar\u00eda Corral","Tiempo de lectura":"4 minutos"},"schema":{"@context":"https:\/\/schema.org","@graph":[{"@type":"Article","@id":"https:\/\/www.cursosypostgrados.com\/blog\/5-697-millones-de-euros-para-la-educacion-equidad-fp-y-digitalizacion\/#article","isPartOf":{"@id":"https:\/\/www.cursosypostgrados.com\/blog\/5-697-millones-de-euros-para-la-educacion-equidad-fp-y-digitalizacion\/"},"author":{"name":"Mar\u00eda Corral","@id":"https:\/\/www.cursosypostgrados.com\/blog\/#\/schema\/person\/7f101d4fe77156b9b57fbaf8271aa306"},"headline":"7.048 millones de euros para la educaci\u00f3n: equidad, FP y digitalizaci\u00f3n","datePublished":"2020-11-19T11:30:48+00:00","dateModified":"2024-02-09T06:29:37+00:00","mainEntityOfPage":{"@id":"https:\/\/www.cursosypostgrados.com\/blog\/5-697-millones-de-euros-para-la-educacion-equidad-fp-y-digitalizacion\/"},"wordCount":739,"publisher":{"@id":"https:\/\/www.cursosypostgrados.com\/blog\/#organization"},"image":{"@id":"https:\/\/www.cursosypostgrados.com\/blog\/5-697-millones-de-euros-para-la-educacion-equidad-fp-y-digitalizacion\/#primaryimage"},"thumbnailUrl":"https:\/\/www.cursosypostgrados.com\/blog\/wp-content\/uploads\/2020\/11\/element5-digital-OyCl7Y4y0Bk-unsplash.jpg","keywords":["educacion","formacion profesional","innovacion en educacion","ministerio de educacion"],"articleSection":["Noticias"],"inLanguage":"es"},{"@type":"WebPage","@id":"https:\/\/www.cursosypostgrados.com\/blog\/5-697-millones-de-euros-para-la-educacion-equidad-fp-y-digitalizacion\/","url":"https:\/\/www.cursosypostgrados.com\/blog\/5-697-millones-de-euros-para-la-educacion-equidad-fp-y-digitalizacion\/","name":"5.697 millones de euros para transformar la educaci\u00f3n e impulsar la fp","isPartOf":{"@id":"https:\/\/www.cursosypostgrados.com\/blog\/#website"},"primaryImageOfPage":{"@id":"https:\/\/www.cursosypostgrados.com\/blog\/5-697-millones-de-euros-para-la-educacion-equidad-fp-y-digitalizacion\/#primaryimage"},"image":{"@id":"https:\/\/www.cursosypostgrados.com\/blog\/5-697-millones-de-euros-para-la-educacion-equidad-fp-y-digitalizacion\/#primaryimage"},"thumbnailUrl":"https:\/\/www.cursosypostgrados.com\/blog\/wp-content\/uploads\/2020\/11\/element5-digital-OyCl7Y4y0Bk-unsplash.jpg","datePublished":"2020-11-19T11:30:48+00:00","dateModified":"2024-02-09T06:29:37+00:00","description":"El Ministerio de Educaci\u00f3n y FP anuncia el plan de inversi\u00f3n para 2021 recogido en el Proyecto de Ley de los PGE.","breadcrumb":{"@id":"https:\/\/www.cursosypostgrados.com\/blog\/5-697-millones-de-euros-para-la-educacion-equidad-fp-y-digitalizacion\/#breadcrumb"},"inLanguage":"es","potentialAction":[{"@type":"ReadAction","target":["https:\/\/www.cursosypostgrados.com\/blog\/5-697-millones-de-euros-para-la-educacion-equidad-fp-y-digitalizacion\/"]}]},{"@type":"ImageObject","inLanguage":"es","@id":"https:\/\/www.cursosypostgrados.com\/blog\/5-697-millones-de-euros-para-la-educacion-equidad-fp-y-digitalizacion\/#primaryimage","url":"https:\/\/www.cursosypostgrados.com\/blog\/wp-content\/uploads\/2020\/11\/element5-digital-OyCl7Y4y0Bk-unsplash.jpg","contentUrl":"https:\/\/www.cursosypostgrados.com\/blog\/wp-content\/uploads\/2020\/11\/element5-digital-OyCl7Y4y0Bk-unsplash.jpg","width":2000,"height":1412,"caption":"PGE Educaci\u00f3n"},{"@type":"BreadcrumbList","@id":"https:\/\/www.cursosypostgrados.com\/blog\/5-697-millones-de-euros-para-la-educacion-equidad-fp-y-digitalizacion\/#breadcrumb","itemListElement":[{"@type":"ListItem","position":1,"name":"Portada","item":"https:\/\/www.cursosypostgrados.com\/blog\/"},{"@type":"ListItem","position":2,"name":"Noticias","item":"https:\/\/www.cursosypostgrados.com\/blog\/category\/noticias\/"},{"@type":"ListItem","position":3,"name":"7.048 millones de euros para la educaci\u00f3n: equidad, FP y digitalizaci\u00f3n"}]},{"@type":"WebSite","@id":"https:\/\/www.cursosypostgrados.com\/blog\/#website","url":"https:\/\/www.cursosypostgrados.com\/blog\/","name":"Blog de Cursosypostgrados.com","description":"Noticias actuales de formaci\u00f3n","publisher":{"@id":"https:\/\/www.cursosypostgrados.com\/blog\/#organization"},"potentialAction":[{"@type":"SearchAction","target":{"@type":"EntryPoint","urlTemplate":"https:\/\/www.cursosypostgrados.com\/blog\/?s={search_term_string}"},"query-input":"required name=search_term_string"}],"inLanguage":"es"},{"@type":"Organization","@id":"https:\/\/www.cursosypostgrados.com\/blog\/#organization","name":"cursosypostgrados.com","url":"https:\/\/www.cursosypostgrados.com\/blog\/","logo":{"@type":"ImageObject","inLanguage":"es","@id":"https:\/\/www.cursosypostgrados.com\/blog\/#\/schema\/logo\/image\/","url":"https:\/\/www.cursosypostgrados.com\/blog\/wp-content\/uploads\/2020\/12\/logo-cyp-texto-256.png","contentUrl":"https:\/\/www.cursosypostgrados.com\/blog\/wp-content\/uploads\/2020\/12\/logo-cyp-texto-256.png","width":256,"height":256,"caption":"cursosypostgrados.com"},"image":{"@id":"https:\/\/www.cursosypostgrados.com\/blog\/#\/schema\/logo\/image\/"}},{"@type":"Person","@id":"https:\/\/www.cursosypostgrados.com\/blog\/#\/schema\/person\/7f101d4fe77156b9b57fbaf8271aa306","name":"Mar\u00eda Corral","url":"https:\/\/www.cursosypostgrados.com\/blog\/author\/mariacorral\/"}]}},"_links":{"self":[{"href":"https:\/\/www.cursosypostgrados.com\/blog\/wp-json\/wp\/v2\/posts\/4931"}],"collection":[{"href":"https:\/\/www.cursosypostgrados.com\/blog\/wp-json\/wp\/v2\/posts"}],"about":[{"href":"https:\/\/www.cursosypostgrados.com\/blog\/wp-json\/wp\/v2\/types\/post"}],"author":[{"embeddable":true,"href":"https:\/\/www.cursosypostgrados.com\/blog\/wp-json\/wp\/v2\/users\/8"}],"replies":[{"embeddable":true,"href":"https:\/\/www.cursosypostgrados.com\/blog\/wp-json\/wp\/v2\/comments?post=4931"}],"version-history":[{"count":28,"href":"https:\/\/www.cursosypostgrados.com\/blog\/wp-json\/wp\/v2\/posts\/4931\/revisions"}],"predecessor-version":[{"id":7538,"href":"https:\/\/www.cursosypostgrados.com\/blog\/wp-json\/wp\/v2\/posts\/4931\/revisions\/7538"}],"wp:featuredmedia":[{"embeddable":true,"href":"https:\/\/www.cursosypostgrados.com\/blog\/wp-json\/wp\/v2\/media\/4938"}],"wp:attachment":[{"href":"https:\/\/www.cursosypostgrados.com\/blog\/wp-json\/wp\/v2\/media?parent=4931"}],"wp:term":[{"taxonomy":"category","embeddable":true,"href":"https:\/\/www.cursosypostgrados.com\/blog\/wp-json\/wp\/v2\/categories?post=4931"},{"taxonomy":"post_tag","embeddable":true,"href":"https:\/\/www.cursosypostgrados.com\/blog\/wp-json\/wp\/v2\/tags?post=4931"}],"curies":[{"name":"wp","href":"https:\/\/api.w.org\/{rel}","templated":true}]}}